{"id":1111,"date":"2022-10-29T04:40:21","date_gmt":"2022-10-29T02:40:21","guid":{"rendered":"https:\/\/ifenthaler.info\/website\/?p=1111"},"modified":"2022-10-29T04:46:00","modified_gmt":"2022-10-29T02:46:00","slug":"personalisierte-und-adaptive-lernumgebungen-fur-online-weiterbildungen","status":"publish","type":"post","link":"https:\/\/ifenthaler.info\/website\/?p=1111","title":{"rendered":"Personalisierte und adaptive Lernumgebungen f\u00fcr Online-Weiterbildungen"},"content":{"rendered":"\n<p>Neuer frei zug\u00e4nglicher Beiitrag (open access) mit Fokus auf Online-Weiterbildungen und k\u00fcnstliche Intelligenz.<\/p>\n\n\n\n<p><strong>Hemmler, Y., &amp; Ifenthaler, D. (2022). Personalisierte und adaptive Lernumgebungen f\u00fcr Online-Weiterbildungen. In S. Schumann, S. Seeber, &amp; S. Abele (Eds.), <em>Digitale Transformation in der Berufsbildung. Konzept, Befunde und Herausforderungen<\/em> (pp. 145-164). wbv. <a href=\"https:\/\/doi.org\/10.3278\/9783763971381\">https:\/\/doi.org\/10.3278\/9783763971381<\/a>\u00a0<\/strong><\/p>\n\n\n\n<p>Fortschritte in der Bildungstechnologie sowie auf dem Gebiet der k\u00fcnstlichen Intelligenz (KI) erm\u00f6glichen die Entwicklung personalisierter und adaptiver Lernumgebungen.&nbsp;Das Ziel dieses Beitrags ist es, einen \u00dcberblick \u00fcber aktuelle Forschungsbeitr\u00e4ge zu personalisierten und adaptiven Lernumgebungen sowie deren Potenziale f\u00fcr Online-Weiterbildungen zu geben. Da&nbsp;Forschungsbeitr\u00e4ge zu personalisierten und adaptiven Lernumgebungen f\u00fcr die Online-Weiterbildung nur vereinzelt vorliegen, werden empirische Befunde aus der Hochschulforschung auf die Forschung und Praxis von Online-Weiterbildungen \u00fcbertragen. Dabei wird herausgearbeitet, welche Indikatoren (z. B. kognitive F\u00e4higkeiten, Vorwissen) wichtige Informationen \u00fcber Lernverhalten preisgeben und daher f\u00fcr die Vorhersage und gezielte Unetrst\u00fctzung von Lernprozessen verwendet werden sollten. Herausforderungen f\u00fcr die Entwicklung personalisierter und adaptiver Lernumgebungen f\u00fcr die Online-Weiterbildung werden diskutiert.<\/p>\n","protected":false},"excerpt":{"rendered":"<p>Neuer frei zug\u00e4nglicher Beiitrag (open access) mit Fokus auf Online-Weiterbildungen und k\u00fcnstliche Intelligenz. Hemmler, Y., &amp; Ifenthaler, D. (2022). Personalisierte und adaptive Lernumgebungen f\u00fcr Online-Weiterbildungen. In&#46;&#46;&#46;<\/p>\n","protected":false},"author":1,"featured_media":1112,"comment_status":"open","ping_status":"open","sticky":false,"template":"","format":"standard","meta":{"footnotes":""},"categories":[4],"tags":[],"class_list":["post-1111","post","type-post","status-publish","format-standard","has-post-thumbnail","hentry","category-notes"],"_links":{"self":[{"href":"https:\/\/ifenthaler.info\/website\/index.php?rest_route=\/wp\/v2\/posts\/1111","targetHints":{"allow":["GET"]}}],"collection":[{"href":"https:\/\/ifenthaler.info\/website\/index.php?rest_route=\/wp\/v2\/posts"}],"about":[{"href":"https:\/\/ifenthaler.info\/website\/index.php?rest_route=\/wp\/v2\/types\/post"}],"author":[{"embeddable":true,"href":"https:\/\/ifenthaler.info\/website\/index.php?rest_route=\/wp\/v2\/users\/1"}],"replies":[{"embeddable":true,"href":"https:\/\/ifenthaler.info\/website\/index.php?rest_route=%2Fwp%2Fv2%2Fcomments&post=1111"}],"version-history":[{"count":2,"href":"https:\/\/ifenthaler.info\/website\/index.php?rest_route=\/wp\/v2\/posts\/1111\/revisions"}],"predecessor-version":[{"id":1117,"href":"https:\/\/ifenthaler.info\/website\/index.php?rest_route=\/wp\/v2\/posts\/1111\/revisions\/1117"}],"wp:featuredmedia":[{"embeddable":true,"href":"https:\/\/ifenthaler.info\/website\/index.php?rest_route=\/wp\/v2\/media\/1112"}],"wp:attachment":[{"href":"https:\/\/ifenthaler.info\/website\/index.php?rest_route=%2Fwp%2Fv2%2Fmedia&parent=1111"}],"wp:term":[{"taxonomy":"category","embeddable":true,"href":"https:\/\/ifenthaler.info\/website\/index.php?rest_route=%2Fwp%2Fv2%2Fcategories&post=1111"},{"taxonomy":"post_tag","embeddable":true,"href":"https:\/\/ifenthaler.info\/website\/index.php?rest_route=%2Fwp%2Fv2%2Ftags&post=1111"}],"curies":[{"name":"wp","href":"https:\/\/api.w.org\/{rel}","templated":true}]}}